{"id":2915,"date":"2016-01-13T16:29:11","date_gmt":"2016-01-13T16:29:11","guid":{"rendered":"http:\/\/galeriethalberg.ch\/?p=2915"},"modified":"2024-07-03T16:19:20","modified_gmt":"2024-07-03T16:19:20","slug":"neo-dada-gorgona-absurd-freedom-marinko-sudac-collection","status":"publish","type":"post","link":"https:\/\/galeriethalberg.ch\/en\/neo-dada-gorgona-absurd-freedom-marinko-sudac-collection\/","title":{"rendered":"Neo-Dada \u2013 Gorgona | Absurd Freedom, Marinko Sudac Collection"},"content":{"rendered":"<p><strong>04.02.\u201311.03.2016<\/strong><br \/>\n&nbsp;<br \/>\nThe Thalberg Gallery, in cooperation with the Marinko Sudac Collection and the Institute for the Research of the Avant-Garde, is delighted to present the exhibition \u201e<strong>NEO DADA \u2013 GORGONA | Absurd Freedom, Marinko Sudac Collection<\/strong>&#8220;. The project is organized in conjunction with the Consulate General of the Republic of Croatia in Z\u00fcrich, Switzerland.<br \/>\n&nbsp;<br \/>\nThe activities of Gorgona, a notable Neo-Avant-Garde group in Eastern Europe after the Second World War, were inspired by Dadaism. The works by its members are considered to be the preeminent artistic legacy of this movement, and will be on display at Thalberg Gallery in a retrospective overview of Gorgona\u2019s art practice. Gorgona formed as an art group in Zagreb, Croatia, in 1959 and existed until 1966. Its members were the painters <strong>Josip Vani\u0161ta<\/strong> (1924), <strong>Julije Knifer<\/strong> (1924 \u2013 2000), <strong>Marijan Jev\u0161ovar<\/strong> (1922 \u2013 1998) and <strong>\u0110uro Seder<\/strong> (1927) as well as the sculptor <strong>Ivan Ko\u017eari\u0107<\/strong> (1921) and <strong>Miljenko Horvat<\/strong> (1935 \u2013 2012), an architect who also painted and did photographed, along with art critics and art historians <strong>Radoslav Putar<\/strong> (1929 \u2013 1994), <strong>Matko Me\u0161trovi\u0107<\/strong> (1933) and <strong>Dimitrije Ba\u0161i\u010devi\u0107 Mangelos<\/strong> (1921 \u2013 1987), plus a number of connected informal members and friends of the group.<\/p>\n<p>Gorgona&#8217;s activities encompass collaborative works, Gorgonic Demeanour-actions, meetings and excursions, written surveys and correspondences (&#8220;Thoughts for Months&#8221;). They also published 11 issues of the Gorgona Anti-Magazine, including a few unpublished drafts. Between 1961 and 1963, they rented the exhibition space Salon \u0160ira, which they re-named Studio G, and organized a series of group and solo exhibitions of Gorgona members and invited guests, such as the artists Fran\u00e7ois Morellet and Piero Dorazio.<br \/>\n&nbsp;<br \/>\nVarious exhibited works, archival photographs, documentation and correspondence by Gorgona members as well as those by prominent figures in the contemporary art scene of the time show that Gorgona was not an isolated phenomena rather than part of a wider and simultaneous development of important movements. It also indicates that Gorgona was an active participant in the European art scene during the post-war period, which had been built on the rich legacy of the first Avant-Garde and movements such as Dada.<\/p>\n<p>The exhibition has been conceived and curated by the distinguished art historian Je\u0161a Denegri.<\/p>\n<p>Concurrent with the exhibition Dadaglobe at the Kunsthalle Z\u00fcrich, Thalberg Gallery joins the elaborate program of events commemorating the centennial anniversary of Dada.<br \/>\n&nbsp;<br \/>\n<strong>The Marinko Sudac Collection<\/strong> is the most significant collection of Avant-Garde art and connected art practices from Eastern European. The Collection spans the years from 1922 until the fall of the Berlin Wall in 1989.<\/p>\n<p><strong>The Institute for the Research of the Avant-Garde<\/strong> was established in 2010 as part of a project with the objectives to research, preserve, present and popularize regional historical Avant-Gardes. The Institute brings together the work of the Virtual Museum of Avant-Garde and the Marinko Sudac Collection.<br \/>\n&nbsp;<br \/>\n<a href=\"http:\/\/galeriethalberg.ch\/wp-content\/uploads\/2016\/01\/invitation.jpg\"><img loading=\"lazy\" decoding=\"async\" class=\"alignnone size-full wp-image-2911\" src=\"http:\/\/galeriethalberg.ch\/wp-content\/uploads\/2016\/01\/invitation.jpg\" alt=\"invitation\" width=\"794\" height=\"559\" srcset=\"https:\/\/galeriethalberg.ch\/wp-content\/uploads\/2016\/01\/invitation.jpg 794w, https:\/\/galeriethalberg.ch\/wp-content\/uploads\/2016\/01\/invitation-300x211.jpg 300w, https:\/\/galeriethalberg.ch\/wp-content\/uploads\/2016\/01\/invitation-768x541.jpg 768w\" sizes=\"(max-width: 794px) 100vw, 794px\" \/><\/a><br \/>\n&nbsp;<br \/>\n&nbsp;<\/p>\n","protected":false},"excerpt":{"rendered":"<p>04.02.\u201311.03.2016 &nbsp; The Thalberg Gallery, in cooperation with the Marinko Sudac Collection and the Institute for the Research of the Avant-Garde, is delighted to present the exhibition \u201eNEO DADA \u2013 GORGONA | Absurd Freedom, Marinko Sudac Collection&#8220;. The project is organized in conjunction with the Consulate General of the Republic of Croatia in Z\u00fcrich, Switzerland.&hellip;<\/p>\n<a class=\"read-more-link\" href=\" https:\/\/galeriethalberg.ch\/en\/neo-dada-gorgona-absurd-freedom-marinko-sudac-collection\/ \">Read More<\/a>","protected":false},"author":2,"featured_media":0,"comment_status":"open","ping_status":"open","sticky":false,"template":"","format":"standard","meta":{"_mi_skip_tracking":false,"footnotes":"","_expiration-date-status":"","_expiration-date":0,"_expiration-date-type":"","_expiration-date-categories":[],"_expiration-date-options":[],"_links_to":"","_links_to_target":""},"categories":[489],"tags":[],"class_list":["post-2915","post","type-post","status-publish","format-standard","hentry","category-past-exhibitons","col-sm-3"],"_links":{"self":[{"href":"https:\/\/galeriethalberg.ch\/en\/wp-json\/wp\/v2\/posts\/2915"}],"collection":[{"href":"https:\/\/galeriethalberg.ch\/en\/wp-json\/wp\/v2\/posts"}],"about":[{"href":"https:\/\/galeriethalberg.ch\/en\/wp-json\/wp\/v2\/types\/post"}],"author":[{"embeddable":true,"href":"https:\/\/galeriethalberg.ch\/en\/wp-json\/wp\/v2\/users\/2"}],"replies":[{"embeddable":true,"href":"https:\/\/galeriethalberg.ch\/en\/wp-json\/wp\/v2\/comments?post=2915"}],"version-history":[{"count":14,"href":"https:\/\/galeriethalberg.ch\/en\/wp-json\/wp\/v2\/posts\/2915\/revisions"}],"predecessor-version":[{"id":4336,"href":"https:\/\/galeriethalberg.ch\/en\/wp-json\/wp\/v2\/posts\/2915\/revisions\/4336"}],"wp:attachment":[{"href":"https:\/\/galeriethalberg.ch\/en\/wp-json\/wp\/v2\/media?parent=2915"}],"wp:term":[{"taxonomy":"category","embeddable":true,"href":"https:\/\/galeriethalberg.ch\/en\/wp-json\/wp\/v2\/categories?post=2915"},{"taxonomy":"post_tag","embeddable":true,"href":"https:\/\/galeriethalberg.ch\/en\/wp-json\/wp\/v2\/tags?post=2915"}],"curies":[{"name":"wp","href":"https:\/\/api.w.org\/{rel}","templated":true}]}}