{"id":4716,"date":"2018-07-28T13:56:36","date_gmt":"2018-07-28T13:56:36","guid":{"rendered":"http:\/\/galeriethalberg.ch\/en\/?p=4716"},"modified":"2024-07-03T16:20:19","modified_gmt":"2024-07-03T16:20:19","slug":"nikola-zigon-as-if-it-had-been-a-while-ago","status":"publish","type":"post","link":"https:\/\/galeriethalberg.ch\/en\/nikola-zigon-as-if-it-had-been-a-while-ago\/","title":{"rendered":"Nikola Zigon \u2013 As If It Had Been A While Ago"},"content":{"rendered":"<p><span class=\"fontstyle3\">30 August 2018 \u201321 September 2018<\/span><\/p>\n<p><span class=\"fontstyle3\"> Exhibition opening: Wednesday, 29 August at 6 PM.<\/span> <em><br \/>\n<\/em><\/p>\n<p>&nbsp;<\/p>\n<p><em>What is the worth of living if we do not remember our life<\/em><br \/>\nFr\u00e9d\u00e9ric Beigbeder<\/p>\n<p>&nbsp;<\/p>\n<p>THE THALBERG GALLERY is proud to present the exhibition<br \/>\nNIKOLA \u017dIGON \u2013 AS IF IT HAD BEEN A WHILE AGO,<br \/>\nfrom August 30th, 2018 until September 21st, 2018.<\/p>\n<p>&nbsp;<\/p>\n<p>Through this exhibition, Nikola \u017digon embarks on a journey through his own memory map. A journey that has its duration, shortcuts and stray paths, as well as its final destination. What is required for this is that the right preconditions are created, and it would appear that such a moment has arrived in the creative opus of Nikola \u017digon. The works seem to have been developed and materialized parallel with the images being lit up in the artist\u2019s spirit. They exude uncommon ease and freshness, which the artist achieves when he does not let skill take precedence over curiosity, and are firmly founded on the artist\u2019s clearly defined attitude, visible in each phase of the investigative process, that is, cycle.<\/p>\n<p>&nbsp;<\/p>\n<p><a href=\"http:\/\/galeriethalberg.ch\/wp-content\/uploads\/2018\/07\/thalberg_arte_exhibition-zigon.jpg\"><img loading=\"lazy\" decoding=\"async\" class=\"alignnone wp-image-4718\" src=\"http:\/\/galeriethalberg.ch\/wp-content\/uploads\/2018\/07\/thalberg_arte_exhibition-zigon-300x214.jpg\" alt=\"poy zigon.indd\" width=\"819\" height=\"584\" srcset=\"https:\/\/galeriethalberg.ch\/wp-content\/uploads\/2018\/07\/thalberg_arte_exhibition-zigon-300x214.jpg 300w, https:\/\/galeriethalberg.ch\/wp-content\/uploads\/2018\/07\/thalberg_arte_exhibition-zigon-768x548.jpg 768w, https:\/\/galeriethalberg.ch\/wp-content\/uploads\/2018\/07\/thalberg_arte_exhibition-zigon-1024x731.jpg 1024w, https:\/\/galeriethalberg.ch\/wp-content\/uploads\/2018\/07\/thalberg_arte_exhibition-zigon-1317x940.jpg 1317w, https:\/\/galeriethalberg.ch\/wp-content\/uploads\/2018\/07\/thalberg_arte_exhibition-zigon-800x571.jpg 800w, https:\/\/galeriethalberg.ch\/wp-content\/uploads\/2018\/07\/thalberg_arte_exhibition-zigon-1400x999.jpg 1400w\" sizes=\"(max-width: 819px) 100vw, 819px\" \/><\/a><\/p>\n","protected":false},"excerpt":{"rendered":"<p>30 August 2018 \u201321 September 2018 Exhibition opening: Wednesday, 29 August at 6 PM. &nbsp; What is the worth of living if we do not remember our life Fr\u00e9d\u00e9ric Beigbeder &nbsp; THE THALBERG GALLERY is proud to present the exhibition NIKOLA \u017dIGON \u2013 AS IF IT HAD BEEN A WHILE AGO, from August 30th, 2018&hellip;<\/p>\n<a class=\"read-more-link\" href=\" https:\/\/galeriethalberg.ch\/en\/nikola-zigon-as-if-it-had-been-a-while-ago\/ \">Read More<\/a>","protected":false},"author":7,"featured_media":0,"comment_status":"open","ping_status":"open","sticky":false,"template":"","format":"standard","meta":{"_mi_skip_tracking":false,"footnotes":"","_expiration-date-status":"","_expiration-date":0,"_expiration-date-type":"","_expiration-date-categories":[],"_expiration-date-options":[],"_links_to":"","_links_to_target":""},"categories":[489],"tags":[],"class_list":["post-4716","post","type-post","status-publish","format-standard","hentry","category-past-exhibitons","col-sm-3"],"_links":{"self":[{"href":"https:\/\/galeriethalberg.ch\/en\/wp-json\/wp\/v2\/posts\/4716"}],"collection":[{"href":"https:\/\/galeriethalberg.ch\/en\/wp-json\/wp\/v2\/posts"}],"about":[{"href":"https:\/\/galeriethalberg.ch\/en\/wp-json\/wp\/v2\/types\/post"}],"author":[{"embeddable":true,"href":"https:\/\/galeriethalberg.ch\/en\/wp-json\/wp\/v2\/users\/7"}],"replies":[{"embeddable":true,"href":"https:\/\/galeriethalberg.ch\/en\/wp-json\/wp\/v2\/comments?post=4716"}],"version-history":[{"count":5,"href":"https:\/\/galeriethalberg.ch\/en\/wp-json\/wp\/v2\/posts\/4716\/revisions"}],"predecessor-version":[{"id":4930,"href":"https:\/\/galeriethalberg.ch\/en\/wp-json\/wp\/v2\/posts\/4716\/revisions\/4930"}],"wp:attachment":[{"href":"https:\/\/galeriethalberg.ch\/en\/wp-json\/wp\/v2\/media?parent=4716"}],"wp:term":[{"taxonomy":"category","embeddable":true,"href":"https:\/\/galeriethalberg.ch\/en\/wp-json\/wp\/v2\/categories?post=4716"},{"taxonomy":"post_tag","embeddable":true,"href":"https:\/\/galeriethalberg.ch\/en\/wp-json\/wp\/v2\/tags?post=4716"}],"curies":[{"name":"wp","href":"https:\/\/api.w.org\/{rel}","templated":true}]}}